{"id":918,"date":"2018-03-21T20:00:53","date_gmt":"2018-03-21T19:00:53","guid":{"rendered":"http:\/\/www.west-highlanders.de\/2015\/?p=918"},"modified":"2018-03-21T20:01:19","modified_gmt":"2018-03-21T19:01:19","slug":"jahreshauptversammlung-2018","status":"publish","type":"post","link":"http:\/\/www.west-highlanders.de\/2015\/jahreshauptversammlung-2018\/","title":{"rendered":"Jahreshauptversammlung 2018"},"content":{"rendered":"<p><a href=\"http:\/\/www.west-highlanders.de\/wp-content\/uploads\/2018\/03\/IMG-2018h.jpg\"><img decoding=\"async\" loading=\"lazy\" class=\" size-medium wp-image-919 alignleft\" src=\"http:\/\/www.west-highlanders.de\/wp-content\/uploads\/2018\/03\/IMG-2018h-300x300.jpg\" alt=\"IMG-2018h\" width=\"300\" height=\"300\" srcset=\"http:\/\/www.west-highlanders.de\/wp-content\/uploads\/2018\/03\/IMG-2018h-300x300.jpg 300w, http:\/\/www.west-highlanders.de\/wp-content\/uploads\/2018\/03\/IMG-2018h-150x150.jpg 150w, http:\/\/www.west-highlanders.de\/wp-content\/uploads\/2018\/03\/IMG-2018h.jpg 640w\" sizes=\"(max-width: 300px) 100vw, 300px\" \/><\/a>In diesem Jahr stand neben der Einf\u00fchrung einer Gesch\u00e4ftsordnung die Wahl des Vorstands an. Alle Vorstandsmitglieder wurden in ihren \u00c4mtern best\u00e4tigt und bilden f\u00fcr die n\u00e4chsten drei Jahre die Vereinsf\u00fchrung.<br \/>\nDie musikalische Leitung des Vereins hat Ulrich Freitag \u00fcbernommen.<\/p>\n<p>&nbsp;<\/p>\n<p>Das Foto zeigt v.l. Marcel Moselage (Jugendwart), Frank Hohmann\u00a0\u00a0\u00a0\u00a0\u00a0 (2. Vorsitzender), Michael D\u00f6mer (1. Vorsitzender), Wolfgang Vollmer (Kassierer) und Hubert Volmari (Schriftf\u00fchrer).<\/p>\n","protected":false},"excerpt":{"rendered":"<p>In diesem Jahr stand neben der Einf\u00fchrung einer Gesch\u00e4ftsordnung die Wahl des Vorstands an. Alle Vorstandsmitglieder wurden in ihren \u00c4mtern best\u00e4tigt und bilden f\u00fcr die n\u00e4chsten drei Jahre die Vereinsf\u00fchrung. Die musikalische Leitung des Vereins hat Ulrich Freitag \u00fcbernommen. &nbsp; &hellip; <a href=\"http:\/\/www.west-highlanders.de\/2015\/jahreshauptversammlung-2018\/\">Weiterlesen <span class=\"meta-nav\">&rarr;<\/span><\/a><\/p>\n","protected":false},"author":1,"featured_media":0,"comment_status":"closed","ping_status":"closed","sticky":false,"template":"","format":"standard","meta":{"ngg_post_thumbnail":0},"categories":[1],"tags":[],"_links":{"self":[{"href":"http:\/\/www.west-highlanders.de\/2015\/wp-json\/wp\/v2\/posts\/918"}],"collection":[{"href":"http:\/\/www.west-highlanders.de\/2015\/wp-json\/wp\/v2\/posts"}],"about":[{"href":"http:\/\/www.west-highlanders.de\/2015\/wp-json\/wp\/v2\/types\/post"}],"author":[{"embeddable":true,"href":"http:\/\/www.west-highlanders.de\/2015\/wp-json\/wp\/v2\/users\/1"}],"replies":[{"embeddable":true,"href":"http:\/\/www.west-highlanders.de\/2015\/wp-json\/wp\/v2\/comments?post=918"}],"version-history":[{"count":1,"href":"http:\/\/www.west-highlanders.de\/2015\/wp-json\/wp\/v2\/posts\/918\/revisions"}],"predecessor-version":[{"id":920,"href":"http:\/\/www.west-highlanders.de\/2015\/wp-json\/wp\/v2\/posts\/918\/revisions\/920"}],"wp:attachment":[{"href":"http:\/\/www.west-highlanders.de\/2015\/wp-json\/wp\/v2\/media?parent=918"}],"wp:term":[{"taxonomy":"category","embeddable":true,"href":"http:\/\/www.west-highlanders.de\/2015\/wp-json\/wp\/v2\/categories?post=918"},{"taxonomy":"post_tag","embeddable":true,"href":"http:\/\/www.west-highlanders.de\/2015\/wp-json\/wp\/v2\/tags?post=918"}],"curies":[{"name":"wp","href":"https:\/\/api.w.org\/{rel}","templated":true}]}}